{"id":726,"date":"2021-06-21T19:31:43","date_gmt":"2021-06-21T19:31:43","guid":{"rendered":"http:\/\/glampinglapalma.es\/?p=726"},"modified":"2021-06-21T19:31:43","modified_gmt":"2021-06-21T19:31:43","slug":"llego-el-verano-menos-es-mas","status":"publish","type":"post","link":"http:\/\/glampinglapalma.es\/en\/2021\/06\/21\/llego-el-verano-menos-es-mas\/","title":{"rendered":"Lleg\u00f3 el verano&#8230; menos es m\u00e1s"},"content":{"rendered":"<figure class=\"wp-block-image size-large is-resized\"><img loading=\"lazy\" decoding=\"async\" src=\"http:\/\/glampinglapalma.es\/wp-content\/uploads\/2021\/06\/5900e1cd-f664-4083-a818-a007bf27d116-1024x847.jpg\" alt=\"\" class=\"wp-image-727\" width=\"433\" height=\"357\" srcset=\"http:\/\/glampinglapalma.es\/wp-content\/uploads\/2021\/06\/5900e1cd-f664-4083-a818-a007bf27d116-1024x847.jpg 1024w, http:\/\/glampinglapalma.es\/wp-content\/uploads\/2021\/06\/5900e1cd-f664-4083-a818-a007bf27d116-300x248.jpg 300w, http:\/\/glampinglapalma.es\/wp-content\/uploads\/2021\/06\/5900e1cd-f664-4083-a818-a007bf27d116-768x635.jpg 768w, http:\/\/glampinglapalma.es\/wp-content\/uploads\/2021\/06\/5900e1cd-f664-4083-a818-a007bf27d116.jpg 1393w\" sizes=\"auto, (max-width: 433px) 100vw, 433px\" \/><figcaption>Nuestro domo geod\u00e9sico es una estructura  Glamping<\/figcaption><\/figure>\n\n\n\n<p class=\"has-text-align-left\">Con la llegada de la estaci\u00f3n preferida para todos, el deseado <strong><em>verano<\/em><\/strong>, la planificaci\u00f3n de unas ansiadas vacaciones en un lugar diferente tras la pandemia, ha hecho que el movimiento<strong>\u00abglamping\u00bb<\/strong> se haya convertido en una opci\u00f3n al alza.  Esta es una de las mejores formas de viaje para, en su mayor\u00eda, un segmento premium con conciencia social y ecol\u00f3gica, que quiere evitar la rutina de los viajes tur\u00edsticos tradicionales e involucrarse en un ambiente natural donde se incremente la forma de entrar en contacto con la naturaleza, la tranquilidad y recargar las pilas. La demanda se ha incrementado en m\u00e1s del 35% anual y actualmente existe una creciente oferta a nivel mundial&nbsp; (+ de 5.000 espacios).<\/p>\n\n\n\n<p>Una de sus principales caracter\u00edsticas es que es<strong> eco-frendly&#8230; \u201cmenos es m\u00e1s\u201d<\/strong>. Por lo regular la experiencia glamping aprovecha los elementos de la naturaleza que lo rodea, promueve la sostenibilidad y el consumo local. Se aprovechan recursos y incluso puede reutilizar elementos que alguna vez fueron abandonados y ahora son transformados en lugares hermosos.<\/p>\n\n\n\n<p>No te lo pienses, haz de este verano un verano diferente&#8230;\u00a1 an\u00edmate y glampea ! <\/p>","protected":false},"excerpt":{"rendered":"<p>Con la llegada de la estaci\u00f3n preferida para todos, el deseado verano, la planificaci\u00f3n de unas ansiadas vacaciones en un lugar diferente tras la pandemia, ha hecho que el movimiento\u00abglamping\u00bb se haya convertido en una opci\u00f3n al alza. Esta es una de las mejores formas de viaje para, en su mayor\u00eda, un segmento premium con &hellip; <\/p>\n<p class=\"link-more\"><a href=\"http:\/\/glampinglapalma.es\/en\/2021\/06\/21\/llego-el-verano-menos-es-mas\/\" class=\"more-link\">Continue reading<span class=\"screen-reader-text\"> \u00abLleg\u00f3 el verano&#8230; menos es m\u00e1s\u00bb<\/span><\/a><\/p>","protected":false},"author":2,"featured_media":0,"comment_status":"open","ping_status":"open","sticky":false,"template":"","format":"standard","meta":{"footnotes":""},"categories":[1],"tags":[24,12,23,22],"class_list":["post-726","post","type-post","status-publish","format-standard","hentry","category-sin-categoria","tag-domogeodesico","tag-eco-friendly","tag-glamping","tag-sostenible"],"_links":{"self":[{"href":"http:\/\/glampinglapalma.es\/en\/wp-json\/wp\/v2\/posts\/726","targetHints":{"allow":["GET"]}}],"collection":[{"href":"http:\/\/glampinglapalma.es\/en\/wp-json\/wp\/v2\/posts"}],"about":[{"href":"http:\/\/glampinglapalma.es\/en\/wp-json\/wp\/v2\/types\/post"}],"author":[{"embeddable":true,"href":"http:\/\/glampinglapalma.es\/en\/wp-json\/wp\/v2\/users\/2"}],"replies":[{"embeddable":true,"href":"http:\/\/glampinglapalma.es\/en\/wp-json\/wp\/v2\/comments?post=726"}],"version-history":[{"count":4,"href":"http:\/\/glampinglapalma.es\/en\/wp-json\/wp\/v2\/posts\/726\/revisions"}],"predecessor-version":[{"id":733,"href":"http:\/\/glampinglapalma.es\/en\/wp-json\/wp\/v2\/posts\/726\/revisions\/733"}],"wp:attachment":[{"href":"http:\/\/glampinglapalma.es\/en\/wp-json\/wp\/v2\/media?parent=726"}],"wp:term":[{"taxonomy":"category","embeddable":true,"href":"http:\/\/glampinglapalma.es\/en\/wp-json\/wp\/v2\/categories?post=726"},{"taxonomy":"post_tag","embeddable":true,"href":"http:\/\/glampinglapalma.es\/en\/wp-json\/wp\/v2\/tags?post=726"}],"curies":[{"name":"wp","href":"https:\/\/api.w.org\/{rel}","templated":true}]}}